{"id":16396,"date":"2023-05-04T02:01:04","date_gmt":"2023-05-04T00:01:04","guid":{"rendered":"https:\/\/www.enseignementdemichael.fr\/?p=16396"},"modified":"2024-09-05T16:01:47","modified_gmt":"2024-09-05T14:01:47","slug":"meditation-du-matin-reprogrammation-consciente-pour-passer-une-belle-journee-episode-82","status":"publish","type":"post","link":"https:\/\/crea.enseignementdemichael.fr\/index.php\/2023\/05\/04\/meditation-du-matin-reprogrammation-consciente-pour-passer-une-belle-journee-episode-82\/","title":{"rendered":"M\u00e9ditation du matin, reprogrammation consciente pour passer une belle journ\u00e9e \u2013 Episode #82"},"content":{"rendered":"<div>Pratique m\u00e9ditative+Affirmations positives<\/div>\n<div>\n<div>\ud83d\udc49Pour un coaching ascensionnel de 2h30, unique, \u00e9cris-moi \u00e0 <a href=\"mailto:fabiolatherapeute@gmail.com\" target=\"_blank\" rel=\"noopener\">fabiolatherapeute@gmail.com<\/a><\/div>\n<div>A effectuer 1 fois dans ta vie pour d\u00e9finitivement avancer.<\/div>\n<div>Fabiola th\u00e9rapeute \u00e9nerg\u00e9ticienne<\/div>\n<div>Accompagnatrice au changement<\/div>\n<\/div>\n<div><\/div>\n<div class=\"powerpress_player\" id=\"powerpress_player_8328\"><!--[if lt IE 9]><script>document.createElement('audio');<\/script><![endif]-->\n<audio class=\"wp-audio-shortcode\" id=\"audio-16396-1\" preload=\"none\" style=\"width: 100%;\" controls=\"controls\"><source type=\"audio\/mpeg\" src=\"https:\/\/www.enseignementdemichael.fr\/podcasts\/pratique_meditative_grand_reconfort.mp3?_=1\" \/><a href=\"https:\/\/www.enseignementdemichael.fr\/podcasts\/pratique_meditative_grand_reconfort.mp3\">https:\/\/www.enseignementdemichael.fr\/podcasts\/pratique_meditative_grand_reconfort.mp3<\/a><\/audio><\/div><p class=\"powerpress_links powerpress_links_mp3\">Podcast: <a href=\"https:\/\/www.enseignementdemichael.fr\/podcasts\/pratique_meditative_grand_reconfort.mp3\" class=\"powerpress_link_pinw\" target=\"_blank\" title=\"Play in new window\" onclick=\"return powerpress_pinw('https:\/\/crea.enseignementdemichael.fr\/?powerpress_pinw=16396-podcast');\" rel=\"nofollow\">Play in new window<\/a> | <a href=\"https:\/\/www.enseignementdemichael.fr\/podcasts\/pratique_meditative_grand_reconfort.mp3\" class=\"powerpress_link_d\" title=\"Download\" rel=\"nofollow\" download=\"pratique_meditative_grand_reconfort.mp3\">Download<\/a> (Duration: 22:44 &#8212; 11.6MB)<\/p>","protected":false},"excerpt":{"rendered":"<p>Pratique m\u00e9ditative+Affirmations positives \ud83d\udc49Pour un coaching ascensionnel de 2h30, unique, \u00e9cris-moi \u00e0 fabiolatherapeute@gmail.com A effectuer 1 fois dans ta vie pour d\u00e9finitivement avancer. Fabiola th\u00e9rapeute \u00e9nerg\u00e9ticienne Accompagnatrice au changement<\/p>\n","protected":false},"author":1239,"featured_media":0,"comment_status":"closed","ping_status":"closed","sticky":false,"template":"","format":"standard","meta":[],"categories":[20],"tags":[],"_links":{"self":[{"href":"https:\/\/crea.enseignementdemichael.fr\/index.php\/wp-json\/wp\/v2\/posts\/16396"}],"collection":[{"href":"https:\/\/crea.enseignementdemichael.fr\/index.php\/wp-json\/wp\/v2\/posts"}],"about":[{"href":"https:\/\/crea.enseignementdemichael.fr\/index.php\/wp-json\/wp\/v2\/types\/post"}],"author":[{"embeddable":true,"href":"https:\/\/crea.enseignementdemichael.fr\/index.php\/wp-json\/wp\/v2\/users\/1239"}],"replies":[{"embeddable":true,"href":"https:\/\/crea.enseignementdemichael.fr\/index.php\/wp-json\/wp\/v2\/comments?post=16396"}],"version-history":[{"count":1,"href":"https:\/\/crea.enseignementdemichael.fr\/index.php\/wp-json\/wp\/v2\/posts\/16396\/revisions"}],"predecessor-version":[{"id":16397,"href":"https:\/\/crea.enseignementdemichael.fr\/index.php\/wp-json\/wp\/v2\/posts\/16396\/revisions\/16397"}],"wp:attachment":[{"href":"https:\/\/crea.enseignementdemichael.fr\/index.php\/wp-json\/wp\/v2\/media?parent=16396"}],"wp:term":[{"taxonomy":"category","embeddable":true,"href":"https:\/\/crea.enseignementdemichael.fr\/index.php\/wp-json\/wp\/v2\/categories?post=16396"},{"taxonomy":"post_tag","embeddable":true,"href":"https:\/\/crea.enseignementdemichael.fr\/index.php\/wp-json\/wp\/v2\/tags?post=16396"}],"curies":[{"name":"wp","href":"https:\/\/api.w.org\/{rel}","templated":true}]}}