{"id":17544,"date":"2023-07-18T02:00:18","date_gmt":"2023-07-18T00:00:18","guid":{"rendered":"https:\/\/www.enseignementdemichael.fr\/?p=17544"},"modified":"2024-09-05T16:06:31","modified_gmt":"2024-09-05T14:06:31","slug":"comment-manifester-de-lextraordinaire-dans-son-quotidien-episode-100","status":"publish","type":"post","link":"https:\/\/crea.enseignementdemichael.fr\/index.php\/2023\/07\/18\/comment-manifester-de-lextraordinaire-dans-son-quotidien-episode-100\/","title":{"rendered":"Comment manifester de l&#8217;extraordinaire dans son quotidien ? \u2013 Episode #100"},"content":{"rendered":"<div>@Fabiola_therapeute Consultante en relation d&#8217;aide<\/div>\n<div>Accompagnatrice au changement<\/div>\n<div>Th\u00e9rapies quantiques agissantes<\/div>\n<div>Energ\u00e9ticienne et conf\u00e9renci\u00e8re<\/div>\n<div><\/div>\n<div>\u00a0\ud83d\udc49Pour une s\u00e9ance priv\u00e9e personnalis\u00e9e, contactez-moi \u00e0 fabiolatherapeute@gmail.com<\/div>\n<div><span style=\"color: #ffffff; font-family: Roboto, Noto, sans-serif;\">Devenez solaire et magn\u00e9tique, manifestez une vie bien meilleure.<\/span><\/div>\n<div class=\"powerpress_player\" id=\"powerpress_player_3003\"><!--[if lt IE 9]><script>document.createElement('audio');<\/script><![endif]-->\n<audio class=\"wp-audio-shortcode\" id=\"audio-17544-1\" preload=\"none\" style=\"width: 100%;\" controls=\"controls\"><source type=\"audio\/mpeg\" src=\"https:\/\/www.enseignementdemichael.fr\/podcasts\/manifester_de_l_extraordinaire_dans_son_quotidien.mp3?_=1\" \/><a href=\"https:\/\/www.enseignementdemichael.fr\/podcasts\/manifester_de_l_extraordinaire_dans_son_quotidien.mp3\">https:\/\/www.enseignementdemichael.fr\/podcasts\/manifester_de_l_extraordinaire_dans_son_quotidien.mp3<\/a><\/audio><\/div><p class=\"powerpress_links powerpress_links_mp3\">Podcast: <a href=\"https:\/\/www.enseignementdemichael.fr\/podcasts\/manifester_de_l_extraordinaire_dans_son_quotidien.mp3\" class=\"powerpress_link_pinw\" target=\"_blank\" title=\"Play in new window\" onclick=\"return powerpress_pinw('https:\/\/crea.enseignementdemichael.fr\/?powerpress_pinw=17544-podcast');\" rel=\"nofollow\">Play in new window<\/a> | <a href=\"https:\/\/www.enseignementdemichael.fr\/podcasts\/manifester_de_l_extraordinaire_dans_son_quotidien.mp3\" class=\"powerpress_link_d\" title=\"Download\" rel=\"nofollow\" download=\"manifester_de_l_extraordinaire_dans_son_quotidien.mp3\">Download<\/a> (Duration: 7:25 &#8212; 3.9MB)<\/p>","protected":false},"excerpt":{"rendered":"<p>@Fabiola_therapeute Consultante en relation d&#8217;aide Accompagnatrice au changement Th\u00e9rapies quantiques agissantes Energ\u00e9ticienne et conf\u00e9renci\u00e8re \u00a0\ud83d\udc49Pour une s\u00e9ance priv\u00e9e personnalis\u00e9e, contactez-moi \u00e0 fabiolatherapeute@gmail.com Devenez solaire et magn\u00e9tique, manifestez une vie bien meilleure.<\/p>\n","protected":false},"author":1239,"featured_media":0,"comment_status":"closed","ping_status":"closed","sticky":false,"template":"","format":"standard","meta":[],"categories":[20],"tags":[],"_links":{"self":[{"href":"https:\/\/crea.enseignementdemichael.fr\/index.php\/wp-json\/wp\/v2\/posts\/17544"}],"collection":[{"href":"https:\/\/crea.enseignementdemichael.fr\/index.php\/wp-json\/wp\/v2\/posts"}],"about":[{"href":"https:\/\/crea.enseignementdemichael.fr\/index.php\/wp-json\/wp\/v2\/types\/post"}],"author":[{"embeddable":true,"href":"https:\/\/crea.enseignementdemichael.fr\/index.php\/wp-json\/wp\/v2\/users\/1239"}],"replies":[{"embeddable":true,"href":"https:\/\/crea.enseignementdemichael.fr\/index.php\/wp-json\/wp\/v2\/comments?post=17544"}],"version-history":[{"count":1,"href":"https:\/\/crea.enseignementdemichael.fr\/index.php\/wp-json\/wp\/v2\/posts\/17544\/revisions"}],"predecessor-version":[{"id":17545,"href":"https:\/\/crea.enseignementdemichael.fr\/index.php\/wp-json\/wp\/v2\/posts\/17544\/revisions\/17545"}],"wp:attachment":[{"href":"https:\/\/crea.enseignementdemichael.fr\/index.php\/wp-json\/wp\/v2\/media?parent=17544"}],"wp:term":[{"taxonomy":"category","embeddable":true,"href":"https:\/\/crea.enseignementdemichael.fr\/index.php\/wp-json\/wp\/v2\/categories?post=17544"},{"taxonomy":"post_tag","embeddable":true,"href":"https:\/\/crea.enseignementdemichael.fr\/index.php\/wp-json\/wp\/v2\/tags?post=17544"}],"curies":[{"name":"wp","href":"https:\/\/api.w.org\/{rel}","templated":true}]}}