{"id":5473,"date":"2021-01-22T11:33:46","date_gmt":"2021-01-22T10:33:46","guid":{"rendered":"https:\/\/www.enseignementdemichael.fr\/?p=5473"},"modified":"2021-01-25T23:40:16","modified_gmt":"2021-01-25T22:40:16","slug":"narration-prana","status":"publish","type":"post","link":"https:\/\/crea.enseignementdemichael.fr\/index.php\/2021\/01\/22\/narration-prana\/","title":{"rendered":"Narration Prana &#8211; Episode #1"},"content":{"rendered":"<p>Respirer est bien plus qu&#8217;absorber de l&#8217;oxyg\u00e8ne. Le PRANA, c&#8217;est l&#8217;\u00e9nergie, la force qui se manifeste dans l\u2018univers.<br \/>\nL&#8217;inspiration repr\u00e9sente l&#8217;absorption et la distribution des forces cosmiques dans tout le corps et l\u2019expiration une mani\u00e8re de fondre son \u00e9nergie individuelle dans l&#8217;\u00e9nergie de l&#8217;univers.<\/p>\n<p><a href=\"https:\/\/www.youtube.com\/channel\/UCsBFkhHnTEl5KOxlexVEiIA\/videos\">la t\u00e9l\u00e9 de Fabiola Th\u00e9rapeute \u00e9nerg\u00e9ticienne &#8211; YouTube<\/a><br \/>\ncontact : fabiola@therapies-quantiques.net<\/p>\n<p>&nbsp;<\/p>\n<div class=\"powerpress_player\" id=\"powerpress_player_1006\"><!--[if lt IE 9]><script>document.createElement('audio');<\/script><![endif]-->\n<audio class=\"wp-audio-shortcode\" id=\"audio-5473-1\" preload=\"none\" style=\"width: 100%;\" controls=\"controls\"><source type=\"audio\/mpeg\" src=\"https:\/\/www.enseignementdemichael.fr\/podcasts\/narration_prana.mp3?_=1\" \/><a href=\"https:\/\/www.enseignementdemichael.fr\/podcasts\/narration_prana.mp3\">https:\/\/www.enseignementdemichael.fr\/podcasts\/narration_prana.mp3<\/a><\/audio><\/div><p class=\"powerpress_links powerpress_links_mp3\">Podcast: <a href=\"https:\/\/www.enseignementdemichael.fr\/podcasts\/narration_prana.mp3\" class=\"powerpress_link_pinw\" target=\"_blank\" title=\"Play in new window\" onclick=\"return powerpress_pinw('https:\/\/crea.enseignementdemichael.fr\/?powerpress_pinw=5473-podcast');\" rel=\"nofollow\">Play in new window<\/a> | <a href=\"https:\/\/www.enseignementdemichael.fr\/podcasts\/narration_prana.mp3\" class=\"powerpress_link_d\" title=\"Download\" rel=\"nofollow\" download=\"narration_prana.mp3\">Download<\/a> (Duration: 8:40 &#8212; 7.9MB)<\/p>","protected":false},"excerpt":{"rendered":"<p>Respirer est bien plus qu&#8217;absorber de l&#8217;oxyg\u00e8ne. Le PRANA, c&#8217;est l&#8217;\u00e9nergie, la force qui se manifeste dans l\u2018univers. L&#8217;inspiration repr\u00e9sente l&#8217;absorption et la distribution des forces cosmiques dans tout le corps et l\u2019expiration une mani\u00e8re de fondre son \u00e9nergie individuelle dans l&#8217;\u00e9nergie de l&#8217;univers. la t\u00e9l\u00e9 de Fabiola Th\u00e9rapeute \u00e9nerg\u00e9ticienne &#8211; YouTube contact : fabiola@therapies-quantiques.net [&hellip;]<\/p>\n","protected":false},"author":1239,"featured_media":0,"comment_status":"closed","ping_status":"open","sticky":false,"template":"","format":"standard","meta":[],"categories":[20],"tags":[],"_links":{"self":[{"href":"https:\/\/crea.enseignementdemichael.fr\/index.php\/wp-json\/wp\/v2\/posts\/5473"}],"collection":[{"href":"https:\/\/crea.enseignementdemichael.fr\/index.php\/wp-json\/wp\/v2\/posts"}],"about":[{"href":"https:\/\/crea.enseignementdemichael.fr\/index.php\/wp-json\/wp\/v2\/types\/post"}],"author":[{"embeddable":true,"href":"https:\/\/crea.enseignementdemichael.fr\/index.php\/wp-json\/wp\/v2\/users\/1239"}],"replies":[{"embeddable":true,"href":"https:\/\/crea.enseignementdemichael.fr\/index.php\/wp-json\/wp\/v2\/comments?post=5473"}],"version-history":[{"count":4,"href":"https:\/\/crea.enseignementdemichael.fr\/index.php\/wp-json\/wp\/v2\/posts\/5473\/revisions"}],"predecessor-version":[{"id":5516,"href":"https:\/\/crea.enseignementdemichael.fr\/index.php\/wp-json\/wp\/v2\/posts\/5473\/revisions\/5516"}],"wp:attachment":[{"href":"https:\/\/crea.enseignementdemichael.fr\/index.php\/wp-json\/wp\/v2\/media?parent=5473"}],"wp:term":[{"taxonomy":"category","embeddable":true,"href":"https:\/\/crea.enseignementdemichael.fr\/index.php\/wp-json\/wp\/v2\/categories?post=5473"},{"taxonomy":"post_tag","embeddable":true,"href":"https:\/\/crea.enseignementdemichael.fr\/index.php\/wp-json\/wp\/v2\/tags?post=5473"}],"curies":[{"name":"wp","href":"https:\/\/api.w.org\/{rel}","templated":true}]}}