{"id":5508,"date":"2021-01-25T23:33:09","date_gmt":"2021-01-25T22:33:09","guid":{"rendered":"https:\/\/www.enseignementdemichael.fr\/?p=5508"},"modified":"2024-08-25T00:47:02","modified_gmt":"2024-08-24T22:47:02","slug":"retrouver-son-calme-episode-2","status":"publish","type":"post","link":"https:\/\/crea.enseignementdemichael.fr\/index.php\/2021\/01\/25\/retrouver-son-calme-episode-2\/","title":{"rendered":"Retrouver son calme &#8211; Episode #2"},"content":{"rendered":"<p>Reste loin de la col\u00e8re\u2026 \u00e7a blesse\u2026 seulement toi!<br \/>\nSi tu as raison alors tu n&#8217;as pas besoin de te mettre en col\u00e8re et si tu as tort alors, tu n&#8217;as pas le droit d&#8217;\u00eatre en col\u00e8re.<\/p>\n<hr \/>\n<p>LA TELE de\u00a0 Fabiola th\u00e9rapeute<\/p>\n<p>Coachings priv\u00e9s personnalis\u00e9s<\/p>\n<p>Th\u00e9rapies Quantiques agissantes<\/p>\n<p>Accompagnatrice aux changements<\/p>\n<p>Conf\u00e9renci\u00e8re<\/p>\n<p><a href=\"mailto:contact@therapies-quantiques.net\">contact@therapies-quantiques.net<\/a><\/p>\n<div class=\"powerpress_player\" id=\"powerpress_player_1951\"><!--[if lt IE 9]><script>document.createElement('audio');<\/script><![endif]-->\n<audio class=\"wp-audio-shortcode\" id=\"audio-5508-1\" preload=\"none\" style=\"width: 100%;\" controls=\"controls\"><source type=\"audio\/mpeg\" src=\"https:\/\/www.enseignementdemichael.fr\/podcasts\/la_colere.mp3?_=1\" \/><a href=\"https:\/\/www.enseignementdemichael.fr\/podcasts\/la_colere.mp3\">https:\/\/www.enseignementdemichael.fr\/podcasts\/la_colere.mp3<\/a><\/audio><\/div><p class=\"powerpress_links powerpress_links_mp3\">Podcast: <a href=\"https:\/\/www.enseignementdemichael.fr\/podcasts\/la_colere.mp3\" class=\"powerpress_link_pinw\" target=\"_blank\" title=\"Play in new window\" onclick=\"return powerpress_pinw('https:\/\/crea.enseignementdemichael.fr\/?powerpress_pinw=5508-podcast');\" rel=\"nofollow\">Play in new window<\/a> | <a href=\"https:\/\/www.enseignementdemichael.fr\/podcasts\/la_colere.mp3\" class=\"powerpress_link_d\" title=\"Download\" rel=\"nofollow\" download=\"la_colere.mp3\">Download<\/a> (Duration: 4:22 &#8212; 2.0MB)<\/p>","protected":false},"excerpt":{"rendered":"<p>Reste loin de la col\u00e8re\u2026 \u00e7a blesse\u2026 seulement toi! Si tu as raison alors tu n&#8217;as pas besoin de te mettre en col\u00e8re et si tu as tort alors, tu n&#8217;as pas le droit d&#8217;\u00eatre en col\u00e8re. LA TELE de\u00a0 Fabiola th\u00e9rapeute Coachings priv\u00e9s personnalis\u00e9s Th\u00e9rapies Quantiques agissantes Accompagnatrice aux changements Conf\u00e9renci\u00e8re contact@therapies-quantiques.net<\/p>\n","protected":false},"author":1239,"featured_media":0,"comment_status":"closed","ping_status":"closed","sticky":false,"template":"","format":"standard","meta":[],"categories":[20],"tags":[],"_links":{"self":[{"href":"https:\/\/crea.enseignementdemichael.fr\/index.php\/wp-json\/wp\/v2\/posts\/5508"}],"collection":[{"href":"https:\/\/crea.enseignementdemichael.fr\/index.php\/wp-json\/wp\/v2\/posts"}],"about":[{"href":"https:\/\/crea.enseignementdemichael.fr\/index.php\/wp-json\/wp\/v2\/types\/post"}],"author":[{"embeddable":true,"href":"https:\/\/crea.enseignementdemichael.fr\/index.php\/wp-json\/wp\/v2\/users\/1239"}],"replies":[{"embeddable":true,"href":"https:\/\/crea.enseignementdemichael.fr\/index.php\/wp-json\/wp\/v2\/comments?post=5508"}],"version-history":[{"count":1,"href":"https:\/\/crea.enseignementdemichael.fr\/index.php\/wp-json\/wp\/v2\/posts\/5508\/revisions"}],"predecessor-version":[{"id":5509,"href":"https:\/\/crea.enseignementdemichael.fr\/index.php\/wp-json\/wp\/v2\/posts\/5508\/revisions\/5509"}],"wp:attachment":[{"href":"https:\/\/crea.enseignementdemichael.fr\/index.php\/wp-json\/wp\/v2\/media?parent=5508"}],"wp:term":[{"taxonomy":"category","embeddable":true,"href":"https:\/\/crea.enseignementdemichael.fr\/index.php\/wp-json\/wp\/v2\/categories?post=5508"},{"taxonomy":"post_tag","embeddable":true,"href":"https:\/\/crea.enseignementdemichael.fr\/index.php\/wp-json\/wp\/v2\/tags?post=5508"}],"curies":[{"name":"wp","href":"https:\/\/api.w.org\/{rel}","templated":true}]}}